{"id":124793,"date":"2025-10-17T02:50:00","date_gmt":"2025-10-17T06:50:00","guid":{"rendered":"https:\/\/www.jdx.info\/lutte\/?p=124793"},"modified":"2025-10-17T15:05:28","modified_gmt":"2025-10-17T19:05:28","slug":"mise-a-jour-des-coulisses-de-la-planification-de-la-wwe-pour-la-retraite-daj-styles-en-2026","status":"publish","type":"post","link":"https:\/\/www.jdx.info\/lutte\/2025\/10\/17\/mise-a-jour-des-coulisses-de-la-planification-de-la-wwe-pour-la-retraite-daj-styles-en-2026\/","title":{"rendered":"Mise \u00e0 jour des coulisses de la planification de la WWE pour la retraite d\u2019AJ Styles en 2026"},"content":{"rendered":"\n<p>\u00ab&nbsp;La derni\u00e8re fois, c\u2019est maintenant&nbsp;\u00bb pour John Cena.<\/p>\n\n\n\n<p>Mais \u00ab&nbsp;The Last Time Is 2026&nbsp;\u00bb pour \u00ab&nbsp;The Phenomenal&nbsp;\u00bb AJ Styles.<\/p>\n\n\n\n<p>Il semble que la WWE planifie d\u00e9j\u00e0 la retraite \u00e9ventuelle de l\u2019une de ses stars les plus accomplies.<\/p>\n\n\n\n<p>Selon Dave Meltzer lors du dernier \u00e9pisode de&nbsp;<em>Wrestling Observer Radio<\/em>&nbsp;\u00e0&nbsp;F4WOnline.com, la WWE a commenc\u00e9 les pr\u00e9paratifs internes&nbsp;pour la retraite d\u2019AJ Styles, avec la conviction que \u00ab&nbsp;The Phenomenal One&nbsp;\u00bb raccrochera ses bottes en 2026.<\/p>\n\n\n\n<p>Meltzer a not\u00e9 que des conversations ont d\u00e9j\u00e0 commenc\u00e9 au sein de l\u2019entreprise sur la fa\u00e7on de g\u00e9rer correctement ce qui devrait \u00eatre\u00a0la course d\u2019adieu d\u2019AJ Styles.<\/p>\n\n\n\n<blockquote class=\"wp-block-quote is-layout-flow wp-block-quote-is-layout-flow\">\n<p>\u00ab\u00a0Il y a un plan en jeu sur la fa\u00e7on de g\u00e9rer la retraite d\u2019AJ Styles en 2026\u00a0\u00bb<\/p>\n<\/blockquote>\n\n\n\n<p>Alors que les d\u00e9tails cr\u00e9atifs sont encore en cours de finalisation, la WWE aurait l\u2019intention de donner \u00e0 Styles un adieu significatif digne de sa carri\u00e8re l\u00e9gendaire et non une sortie tranquille de la t\u00e9l\u00e9vision.<\/p>\n\n\n\n<blockquote class=\"wp-block-quote is-layout-flow wp-block-quote-is-layout-flow\">\n<p>\u00ab\u00a0Ce n\u2019est pas compl\u00e8tement verrouill\u00e9 ou quoi que ce soit, mais l\u2019id\u00e9e est\u00a0:\u00a0\u00ab\u00a0Nous allons faire quelque chose\u00a0\u00bb. \u00bb<\/p>\n<\/blockquote>\n\n\n\n<p>Meltzer a soulign\u00e9 qu\u2019en interne, la WWE s\u2019attend \u00e0 ce que 2026 marque la fin de la carri\u00e8re de Styles sur le ring, soulignant ses propres remarques ant\u00e9rieures sur la fin des choses.<\/p>\n\n\n\n<blockquote class=\"wp-block-quote is-layout-flow wp-block-quote-is-layout-flow\">\n<p>\u00ab\u00a0Alors oui, ils croient qu\u2019il prendra sa retraite l\u2019ann\u00e9e prochaine\u00a0\u00bb<\/p>\n<\/blockquote>\n\n\n\n<p>Nous vous tiendrons au courant ici \u00e0 WrestlingHeadlines.com au fur et \u00e0 mesure que les mises \u00e0 jour concernant le statut d\u2019AJ Styles continuent de faire surface.<\/p>\n\n\n\n<center><blockquote class=\"twitter-tweet\" data-media-max-width=\"560\"><p lang=\"en\" dir=\"ltr\">Is this the last we&#39;ll see of <a href=\"https:\/\/twitter.com\/AJStylesOrg?ref_src=twsrc%5Etfw\">@AJStylesOrg<\/a> in Australia?  <a href=\"https:\/\/t.co\/h1FDgixwF3\">pic.twitter.com\/h1FDgixwF3<\/a><\/p>&mdash; WWE (@WWE) <a href=\"https:\/\/twitter.com\/WWE\/status\/1978498603606798654?ref_src=twsrc%5Etfw\">October 15, 2025<\/a><\/blockquote> <script async src=\"https:\/\/platform.twitter.com\/widgets.js\" charset=\"utf-8\"><\/script><\/center>\n<p><\/p>","protected":false},"excerpt":{"rendered":"<p>\u00ab&nbsp;La derni\u00e8re fois, c\u2019est maintenant&nbsp;\u00bb pour John Cena. Mais \u00ab&nbsp;The Last Time Is 2026&nbsp;\u00bb pour \u00ab&nbsp;The Phenomenal&nbsp;\u00bb AJ Styles. Il semble que la WWE planifie d\u00e9j\u00e0 la retraite \u00e9ventuelle de l\u2019une de ses stars les plus accomplies. Selon Dave Meltzer lors du dernier \u00e9pisode de&nbsp;Wrestling Observer Radio&nbsp;\u00e0&nbsp;F4WOnline.com, la WWE a commenc\u00e9 les pr\u00e9paratifs internes&nbsp;pour la&#8230;<\/p>\n","protected":false},"author":665,"featured_media":124826,"comment_status":"open","ping_status":"closed","sticky":false,"template":"","format":"standard","meta":{"footnotes":""},"categories":[4,23],"tags":[],"ppma_author":[289],"class_list":["post-124793","post","type-post","status-publish","format-standard","has-post-thumbnail","hentry","category-news","category-wwe"],"authors":[{"term_id":289,"user_id":665,"is_guest":0,"slug":"line","display_name":"Line Edmond","avatar_url":"https:\/\/secure.gravatar.com\/avatar\/852de09636413c90cdaa278312f9ea5bc4396768745424755cb63d99a05989d0?s=96&d=mm&r=g","0":null,"1":"","2":"","3":"","4":"","5":"","6":"","7":"","8":""}],"_links":{"self":[{"href":"https:\/\/www.jdx.info\/lutte\/wp-json\/wp\/v2\/posts\/124793","targetHints":{"allow":["GET"]}}],"collection":[{"href":"https:\/\/www.jdx.info\/lutte\/wp-json\/wp\/v2\/posts"}],"about":[{"href":"https:\/\/www.jdx.info\/lutte\/wp-json\/wp\/v2\/types\/post"}],"author":[{"embeddable":true,"href":"https:\/\/www.jdx.info\/lutte\/wp-json\/wp\/v2\/users\/665"}],"replies":[{"embeddable":true,"href":"https:\/\/www.jdx.info\/lutte\/wp-json\/wp\/v2\/comments?post=124793"}],"version-history":[{"count":5,"href":"https:\/\/www.jdx.info\/lutte\/wp-json\/wp\/v2\/posts\/124793\/revisions"}],"predecessor-version":[{"id":124833,"href":"https:\/\/www.jdx.info\/lutte\/wp-json\/wp\/v2\/posts\/124793\/revisions\/124833"}],"wp:featuredmedia":[{"embeddable":true,"href":"https:\/\/www.jdx.info\/lutte\/wp-json\/wp\/v2\/media\/124826"}],"wp:attachment":[{"href":"https:\/\/www.jdx.info\/lutte\/wp-json\/wp\/v2\/media?parent=124793"}],"wp:term":[{"taxonomy":"category","embeddable":true,"href":"https:\/\/www.jdx.info\/lutte\/wp-json\/wp\/v2\/categories?post=124793"},{"taxonomy":"post_tag","embeddable":true,"href":"https:\/\/www.jdx.info\/lutte\/wp-json\/wp\/v2\/tags?post=124793"},{"taxonomy":"author","embeddable":true,"href":"https:\/\/www.jdx.info\/lutte\/wp-json\/wp\/v2\/ppma_author?post=124793"}],"curies":[{"name":"wp","href":"https:\/\/api.w.org\/{rel}","templated":true}]}}