{"id":122337,"date":"2025-08-23T13:01:00","date_gmt":"2025-08-23T17:01:00","guid":{"rendered":"https:\/\/www.jdx.info\/lutte\/?p=122337"},"modified":"2025-08-23T15:05:47","modified_gmt":"2025-08-23T19:05:47","slug":"le-bus-de-tournee-de-becky-lynch-et-seth-rollins-prend-feu","status":"publish","type":"post","link":"https:\/\/www.jdx.info\/lutte\/2025\/08\/23\/le-bus-de-tournee-de-becky-lynch-et-seth-rollins-prend-feu\/","title":{"rendered":"Le bus de tourn\u00e9e de Becky Lynch et Seth Rollins prend feu !"},"content":{"rendered":"\n<p>Becky Lynch a r\u00e9cemment partag\u00e9 des d\u00e9tails sur un incident terrifiant qui a eu lieu le jour de son 36e anniversaire lorsque son bus de tourn\u00e9e a pris feu.<\/p>\n\n\n\n<p>S\u2019exprimant sur le podcast \u00ab&nbsp;What Do You Wanna Talk About&nbsp;?&nbsp;\u00bb de Cody Rhodes, Lynch s\u2019est souvenue de la peur de janvier 2023, notant que l\u2019incendie s\u2019\u00e9tait d\u00e9clar\u00e9 alors qu\u2019elle \u00e9tait en route vers l\u2019Iowa. Elle a dit :<\/p>\n\n\n\n<blockquote class=\"wp-block-quote is-layout-flow wp-block-quote-is-layout-flow\">\n<p>\u00ab Nous conduisions de Tulsa \u00e0 l\u2019Iowa. Nous allions rentrer \u00e0 la maison ce soir-l\u00e0. C\u2019\u00e9tait le milieu de la nuit. C\u2019\u00e9tait mon anniversaire, mon 36e anniversaire. J\u2019entends : \u00ab <strong>Bang, bang, bang<\/strong>. \u00bb C\u2019\u00e9tait Andy [The Driver] qui disait : \u00ab&nbsp;<em>Sortez, il y a un feu.<\/em>&nbsp;\u00bb<\/p>\n<\/blockquote>\n\n\n\n<blockquote class=\"wp-block-quote is-layout-flow wp-block-quote-is-layout-flow\">\n<p>\u00ab J\u2019avais Roux dans le bus. Je l\u2019ai envelopp\u00e9e dans une couverture. Je cours dedans, je n\u2019ai pas de chaussures. Nous sommes \u00e0 ce Kum &amp; Go. Nous courons dans cet endroit, nous ne portons pas de chaussures. J\u2019ai un petit b\u00e9b\u00e9. [Seth] arrive. Personne ne porte de chaussures. Tout le monde a froid. Andy arrive en courant : \u00ab Tu as un extincteur ? \u00bb Le gars glisse une barre Snickers : \u00ab C\u2019est l\u00e0-bas. \u00bb Andy s\u2019enfuit, \u00ab\u00a0Zap, zap, zap\u00a0\u00bb, \u00e9teint le feu. C\u2019\u00e9tait tout. Nous \u00e9tions en s\u00e9curit\u00e9. Andy revient, tout le monde est blanc, choqu\u00e9, il a un petit b\u00e9b\u00e9 avec moi. Nous sommes tous pieds nus. Le gars m\u2019a dit : \u00ab\u00a0<em>Tu vas ramener mon extincteur ?\u00a0<\/em>\u00bb<\/p>\n<\/blockquote>\n\n\n\n<figure class=\"wp-block-embed is-type-wp-embed is-provider-info-lutte wp-block-embed-info-lutte\"><div class=\"wp-block-embed__wrapper\">\n<blockquote class=\"wp-embedded-content\" data-secret=\"hsCRgExW7m\"><a href=\"https:\/\/www.jdx.info\/lutte\/2025\/08\/20\/becky-lynch-talks-heel-run-cody-lies-and-seth-stories-what-do-you-wanna-talk-about\/\">Becky Lynch talks heel run, \u201cCody lies\u201d and Seth stories | What Do You Wanna Talk About?<\/a><\/blockquote><iframe loading=\"lazy\" class=\"wp-embedded-content\" sandbox=\"allow-scripts\" security=\"restricted\" style=\"position: absolute; visibility: hidden;\" title=\"\u00ab\u00a0Becky Lynch talks heel run, \u201cCody lies\u201d and Seth stories | What Do You Wanna Talk About?\u00a0\u00bb &#8212; Info-Lutte\" src=\"https:\/\/www.jdx.info\/lutte\/2025\/08\/20\/becky-lynch-talks-heel-run-cody-lies-and-seth-stories-what-do-you-wanna-talk-about\/embed\/#?secret=Bkh5SmZvBK#?secret=hsCRgExW7m\" data-secret=\"hsCRgExW7m\" width=\"600\" height=\"338\" frameborder=\"0\" marginwidth=\"0\" marginheight=\"0\" scrolling=\"no\"><\/iframe>\n<\/div><\/figure>\n<p><\/p>","protected":false},"excerpt":{"rendered":"<p>Becky Lynch a r\u00e9cemment partag\u00e9 des d\u00e9tails sur un incident terrifiant qui a eu lieu le jour de son 36e anniversaire lorsque son bus de tourn\u00e9e a pris feu. S\u2019exprimant sur le podcast \u00ab&nbsp;What Do You Wanna Talk About&nbsp;?&nbsp;\u00bb de Cody Rhodes, Lynch s\u2019est souvenue de la peur de janvier 2023, notant que l\u2019incendie s\u2019\u00e9tait&#8230;<\/p>\n","protected":false},"author":4,"featured_media":122338,"comment_status":"open","ping_status":"closed","sticky":false,"template":"","format":"standard","meta":{"footnotes":""},"categories":[4,23],"tags":[],"ppma_author":[292],"class_list":["post-122337","post","type-post","status-publish","format-standard","has-post-thumbnail","hentry","category-news","category-wwe"],"authors":[{"term_id":292,"user_id":4,"is_guest":0,"slug":"jean","display_name":"Jean Vinnier","avatar_url":"https:\/\/secure.gravatar.com\/avatar\/33aba0263fd870a0b487e0e079ff407e10e3997c9d2987cbcc0db0db2c5c75a9?s=96&d=mm&r=g","0":null,"1":"","2":"","3":"","4":"","5":"","6":"","7":"","8":""}],"_links":{"self":[{"href":"https:\/\/www.jdx.info\/lutte\/wp-json\/wp\/v2\/posts\/122337","targetHints":{"allow":["GET"]}}],"collection":[{"href":"https:\/\/www.jdx.info\/lutte\/wp-json\/wp\/v2\/posts"}],"about":[{"href":"https:\/\/www.jdx.info\/lutte\/wp-json\/wp\/v2\/types\/post"}],"author":[{"embeddable":true,"href":"https:\/\/www.jdx.info\/lutte\/wp-json\/wp\/v2\/users\/4"}],"replies":[{"embeddable":true,"href":"https:\/\/www.jdx.info\/lutte\/wp-json\/wp\/v2\/comments?post=122337"}],"version-history":[{"count":2,"href":"https:\/\/www.jdx.info\/lutte\/wp-json\/wp\/v2\/posts\/122337\/revisions"}],"predecessor-version":[{"id":122352,"href":"https:\/\/www.jdx.info\/lutte\/wp-json\/wp\/v2\/posts\/122337\/revisions\/122352"}],"wp:featuredmedia":[{"embeddable":true,"href":"https:\/\/www.jdx.info\/lutte\/wp-json\/wp\/v2\/media\/122338"}],"wp:attachment":[{"href":"https:\/\/www.jdx.info\/lutte\/wp-json\/wp\/v2\/media?parent=122337"}],"wp:term":[{"taxonomy":"category","embeddable":true,"href":"https:\/\/www.jdx.info\/lutte\/wp-json\/wp\/v2\/categories?post=122337"},{"taxonomy":"post_tag","embeddable":true,"href":"https:\/\/www.jdx.info\/lutte\/wp-json\/wp\/v2\/tags?post=122337"},{"taxonomy":"author","embeddable":true,"href":"https:\/\/www.jdx.info\/lutte\/wp-json\/wp\/v2\/ppma_author?post=122337"}],"curies":[{"name":"wp","href":"https:\/\/api.w.org\/{rel}","templated":true}]}}