{"id":120524,"date":"2025-07-16T15:13:53","date_gmt":"2025-07-16T19:13:53","guid":{"rendered":"https:\/\/www.jdx.info\/lutte\/?p=120524"},"modified":"2025-07-16T15:15:38","modified_gmt":"2025-07-16T19:15:38","slug":"roman-reigns-pour-la-route-vers-summerslam-la-raison-que-la-wwe-donne-peu-dinformations-sur-seth-rollins-et-plus","status":"publish","type":"post","link":"https:\/\/www.jdx.info\/lutte\/2025\/07\/16\/roman-reigns-pour-la-route-vers-summerslam-la-raison-que-la-wwe-donne-peu-dinformations-sur-seth-rollins-et-plus\/","title":{"rendered":"Roman Reigns pour la route vers SummerSlam, La raison que la WWE donne peu d&rsquo;informations sur Seth Rollins, et plus!"},"content":{"rendered":"\n<p>&#8211; Il semble bien que Roman Reigns va participer \u00e0 cette route vers WWE SummerSlam 2025.<\/p>\n\n\n\n<p>La WWE vient de mettre \u00e0 jour sa liste de WWE Superstars annonc\u00e9s pour ses prochains shows et on y d\u00e9couvre le nom de Roman Reigns. En effet, Roman Reigns sera \u00e0 WWE RAW le 21 juillet \u00e0 Houston et \u00e0 WWE RAW le 28 juillet, soit\u00a0tous les derniers RAW d&rsquo;ici SummerSlam.<\/p>\n\n\n\n<p>Il est annonc\u00e9 pour aucune date du c\u00f4t\u00e9 de SmackDown \u00e0 ce moment-ci, donc Roman Reigns va se concentrer du c\u00f4t\u00e9 de WWE RAW suite \u00e0 son retour en force au show de RAW du 14 juillet 2025.<\/p>\n\n\n\n<p>La rivalit\u00e9 de Roman Reigns face au clan de Seth Rollins pourra ainsi continuer du c\u00f4t\u00e9 de RAW. Reste maintenant \u00e0 voir qu&rsquo;elle sera son match pour SummerSlam 2025 qui sera deux nuits pour la premi\u00e8re fois. Le nom de Roman Reigns permettra assur\u00e9ment de solidifier ce programme de deux nuits.<\/p>\n\n\n\n<center><iframe loading=\"lazy\" width=\"560\" height=\"315\" src=\"https:\/\/www.youtube.com\/embed\/3rJzDnZD4Ys?si=SvoOp7udbwE9ZPEO\" title=\"YouTube video player\" frameborder=\"0\" allow=\"accelerometer; autoplay; clipboard-write; encrypted-media; gyroscope; picture-in-picture; web-share\" referrerpolicy=\"strict-origin-when-cross-origin\" allowfullscreen><\/iframe><\/center>\n\n\n\n<p>&#8211; Comme vous le savez, Seth Rollins s&rsquo;est bless\u00e9 \u00e0 Saturday Night&rsquo;s Main Event le 12 juillet 2025. La nouvelle s&rsquo;est confirm\u00e9e qu&rsquo;il souffre d&rsquo;une blessure au genou, mais il est toujours impossible d&rsquo;en savoir plus sur la gravit\u00e9 de la blessure.<\/p>\n\n\n\n<p>Aujourd&rsquo;hui on comprend mieux pourquoi la WWE reste vague sur le sujet puisque Seth Rollins devra passer une nouvelle \u00e9valuation puisque la derni\u00e8re \u00e9valuation n&rsquo;a pas \u00e9t\u00e9 un succ\u00e8s. Seth Rollins \u00e9tait pr\u00e9sent sur le Rich Eisen Show aux \u00c9tats-Unis le 16 juillet et il a fait le point sur la situation.<\/p>\n\n\n\n<p>Rollins a d\u00e9clar\u00e9 que son genou \u00e9tait trop enfl\u00e9 lundi dernier afin d&rsquo;avoir une \u00e9valuation approfondie et savoir ce qui va mal avec son genou. Ainsi, il devra aller voir un autre m\u00e9decin \u00e0 Los Angeles pr\u00e8s de chez lui pour savoir ce qui arrive r\u00e9ellement avec son genou et son futur. \u00c0 l&rsquo;heure actuelle, il n&rsquo;a aucun \u00e9ch\u00e9ancier pour son retour \u00e0 la WWE en raison de l&rsquo;absence de r\u00e9sultat, mais il confirme qu&rsquo;il sera absent pour une longue p\u00e9riode p\u00e9riode entre vrais guillemets.<\/p>\n\n\n\n<figure class=\"wp-block-embed is-type-wp-embed is-provider-info-lutte wp-block-embed-info-lutte\"><div class=\"wp-block-embed__wrapper\">\n<blockquote class=\"wp-embedded-content\" data-secret=\"zHJ4P86iuU\"><a href=\"https:\/\/www.jdx.info\/lutte\/2025\/07\/14\/recap-du-week-end-wwe-saturday-nights-main-event-aew-all-in-wwe-evolution-nxt-the-great-american-bash-smackdown-resultats-et-videos\/\">RECAP du Week-End: WWE Saturday Night&rsquo;s Main Event, AEW All In, WWE Evolution, NXT The Great American Bash, Smackdown, R\u00e9sultats et Vid\u00e9os !<\/a><\/blockquote><iframe loading=\"lazy\" class=\"wp-embedded-content\" sandbox=\"allow-scripts\" security=\"restricted\" style=\"position: absolute; visibility: hidden;\" title=\"\u00ab\u00a0RECAP du Week-End: WWE Saturday Night&rsquo;s Main Event, AEW All In, WWE Evolution, NXT The Great American Bash, Smackdown, R\u00e9sultats et Vid\u00e9os !\u00a0\u00bb &#8212; Info-Lutte\" src=\"https:\/\/www.jdx.info\/lutte\/2025\/07\/14\/recap-du-week-end-wwe-saturday-nights-main-event-aew-all-in-wwe-evolution-nxt-the-great-american-bash-smackdown-resultats-et-videos\/embed\/#?secret=3yHPyEdhhi#?secret=zHJ4P86iuU\" data-secret=\"zHJ4P86iuU\" width=\"600\" height=\"338\" frameborder=\"0\" marginwidth=\"0\" marginheight=\"0\" scrolling=\"no\"><\/iframe>\n<\/div><\/figure>\n<p><\/p>","protected":false},"excerpt":{"rendered":"<p>&#8211; Il semble bien que Roman Reigns va participer \u00e0 cette route vers WWE SummerSlam 2025. La WWE vient de mettre \u00e0 jour sa liste de WWE Superstars annonc\u00e9s pour ses prochains shows et on y d\u00e9couvre le nom de Roman Reigns. En effet, Roman Reigns sera \u00e0 WWE RAW le 21 juillet \u00e0 Houston&#8230;<\/p>\n","protected":false},"author":609,"featured_media":120526,"comment_status":"open","ping_status":"closed","sticky":false,"template":"","format":"standard","meta":{"footnotes":""},"categories":[4,43,23],"tags":[],"ppma_author":[295],"class_list":["post-120524","post","type-post","status-publish","format-standard","has-post-thumbnail","hentry","category-news","category-raw-wwe","category-wwe"],"authors":[{"term_id":295,"user_id":609,"is_guest":0,"slug":"rodrigo","display_name":"Rodrigue Tousignant","avatar_url":"https:\/\/secure.gravatar.com\/avatar\/51fe284bb6dbe8a6b4c2bf998ad658f4a9cd24b7e58f15ec85888070c7340ce6?s=96&d=mm&r=g","0":null,"1":"","2":"","3":"","4":"","5":"","6":"","7":"","8":""}],"_links":{"self":[{"href":"https:\/\/www.jdx.info\/lutte\/wp-json\/wp\/v2\/posts\/120524","targetHints":{"allow":["GET"]}}],"collection":[{"href":"https:\/\/www.jdx.info\/lutte\/wp-json\/wp\/v2\/posts"}],"about":[{"href":"https:\/\/www.jdx.info\/lutte\/wp-json\/wp\/v2\/types\/post"}],"author":[{"embeddable":true,"href":"https:\/\/www.jdx.info\/lutte\/wp-json\/wp\/v2\/users\/609"}],"replies":[{"embeddable":true,"href":"https:\/\/www.jdx.info\/lutte\/wp-json\/wp\/v2\/comments?post=120524"}],"version-history":[{"count":1,"href":"https:\/\/www.jdx.info\/lutte\/wp-json\/wp\/v2\/posts\/120524\/revisions"}],"predecessor-version":[{"id":120525,"href":"https:\/\/www.jdx.info\/lutte\/wp-json\/wp\/v2\/posts\/120524\/revisions\/120525"}],"wp:featuredmedia":[{"embeddable":true,"href":"https:\/\/www.jdx.info\/lutte\/wp-json\/wp\/v2\/media\/120526"}],"wp:attachment":[{"href":"https:\/\/www.jdx.info\/lutte\/wp-json\/wp\/v2\/media?parent=120524"}],"wp:term":[{"taxonomy":"category","embeddable":true,"href":"https:\/\/www.jdx.info\/lutte\/wp-json\/wp\/v2\/categories?post=120524"},{"taxonomy":"post_tag","embeddable":true,"href":"https:\/\/www.jdx.info\/lutte\/wp-json\/wp\/v2\/tags?post=120524"},{"taxonomy":"author","embeddable":true,"href":"https:\/\/www.jdx.info\/lutte\/wp-json\/wp\/v2\/ppma_author?post=120524"}],"curies":[{"name":"wp","href":"https:\/\/api.w.org\/{rel}","templated":true}]}}