{"id":117904,"date":"2025-05-23T15:52:17","date_gmt":"2025-05-23T19:52:17","guid":{"rendered":"https:\/\/www.jdx.info\/lutte\/?p=117904"},"modified":"2025-05-23T16:03:08","modified_gmt":"2025-05-23T20:03:08","slug":"brock-lesnar-et-sable-arborent-un-nouveau-look-surprenant-en-public","status":"publish","type":"post","link":"https:\/\/www.jdx.info\/lutte\/2025\/05\/23\/brock-lesnar-et-sable-arborent-un-nouveau-look-surprenant-en-public\/","title":{"rendered":"Brock Lesnar et Sable arborent un nouveau look surprenant en public !"},"content":{"rendered":"\n<p class=\"has-text-align-right has-small-font-size\"><em>Photo Cr\u00e9dit : JDX M\u00e9dia<\/em><\/p>\n\n\n\n<p>Brock Lesnar est rest\u00e9 en grande partie \u00e0 l\u2019\u00e9cart des projecteurs depuis qu\u2019il s\u2019est \u00e9loign\u00e9 de la WWE, mais une r\u00e9cente apparition publique a fait parler les fans &#8211; non pas d\u2019un retour, mais de son nouveau look surprenant.<\/p>\n\n\n\n<p>L\u2019ancien multiple champion du monde de la WWE et de la UFC a \u00e9t\u00e9 vu en train de faire une sortie discr\u00e8te avec sa femme, l\u2019ancienne Diva de la WWE Rena \u00ab&nbsp;Sable&nbsp;\u00bb Lesnar. Bien que la nature de leur apparence n\u2019ait pas \u00e9t\u00e9 divulgu\u00e9e, ce qui a imm\u00e9diatement attir\u00e9 l\u2019attention, c\u2019est la coiffure de Lesnar. Le \u00ab&nbsp;Beast Incarnate&nbsp;\u00bb \u00e0 la coupe g\u00e9n\u00e9ralement nette arborait des cheveux visiblement longs, un contraste frappant avec les fondus serr\u00e9s et les coupes \u00e0 la mode pour lesquels il est connu sur le ring.<\/p>\n\n\n\n<p>Ce n\u2019est pas la premi\u00e8re fois que Lesnar change les choses pendant son temps libre. Les fans se sont habitu\u00e9s \u00e0 le voir exp\u00e9rimenter avec son apparence &#8211; de la barbe fournie \u00e0 l\u2019apparence robuste &#8211; chaque fois qu\u2019il s\u2019\u00e9loigne de la sc\u00e8ne de la lutte.<\/p>\n\n\n\n<p>L\u2019ancien champion des poids lourds de la WWE et de la UFC reste \u00e0 l\u2019\u00e9cart du public depuis qu\u2019il est li\u00e9 au proc\u00e8s en cours de <a href=\"https:\/\/www.jdx.info\/lutte\/2025\/03\/30\/les-dernieres-nouvelles-sur-le-proces-vince-mcmahon-vs-janel-grant\/\" target=\"_blank\" rel=\"noreferrer noopener\">Janel Grant contre Vince McMahon, la WWE et John Laurinaitis<\/a>.<\/p>\n\n\n\n<center><blockquote class=\"twitter-tweet\" data-media-max-width=\"560\"><p lang=\"en\" dir=\"ltr\">The New Look of Brock Lesnar or it is Big John Stud&#39;s son ? <a href=\"https:\/\/t.co\/YgMBFuqa3G\">pic.twitter.com\/YgMBFuqa3G<\/a><\/p>&mdash; Jason Dark Cash Descoteaux (@WresrtlingJDX) <a href=\"https:\/\/twitter.com\/WresrtlingJDX\/status\/1925998258775523470?ref_src=twsrc%5Etfw\">May 23, 2025<\/a><\/blockquote> <script async src=\"https:\/\/platform.twitter.com\/widgets.js\" charset=\"utf-8\"><\/script>\n\n<iframe loading=\"lazy\" src=\"https:\/\/www.facebook.com\/plugins\/post.php?href=https%3A%2F%2Fwww.facebook.com%2F80sWrestlingPics%2Fposts%2Fpfbid08ghzFxSYA7N4nSTT8tEk2myhCTxpT79ihjhn6kUjkGHB7nAXxTeafmF1n56RPzr6l&#038;show_text=true&#038;width=500\" width=\"500\" height=\"589\" style=\"border:none;overflow:hidden\" scrolling=\"no\" frameborder=\"0\" allowfullscreen=\"true\" allow=\"autoplay; clipboard-write; encrypted-media; picture-in-picture; web-share\"><\/iframe><\/center>\n<p><\/p>","protected":false},"excerpt":{"rendered":"<p>Photo Cr\u00e9dit : JDX M\u00e9dia Brock Lesnar est rest\u00e9 en grande partie \u00e0 l\u2019\u00e9cart des projecteurs depuis qu\u2019il s\u2019est \u00e9loign\u00e9 de la WWE, mais une r\u00e9cente apparition publique a fait parler les fans &#8211; non pas d\u2019un retour, mais de son nouveau look surprenant. L\u2019ancien multiple champion du monde de la WWE et de la&#8230;<\/p>\n","protected":false},"author":665,"featured_media":117947,"comment_status":"open","ping_status":"closed","sticky":false,"template":"","format":"standard","meta":{"footnotes":""},"categories":[30,77,4],"tags":[],"ppma_author":[289],"class_list":["post-117904","post","type-post","status-publish","format-standard","has-post-thumbnail","hentry","category-ex-wwe","category-hall-of-fame","category-news"],"authors":[{"term_id":289,"user_id":665,"is_guest":0,"slug":"line","display_name":"Line Edmond","avatar_url":"https:\/\/secure.gravatar.com\/avatar\/852de09636413c90cdaa278312f9ea5bc4396768745424755cb63d99a05989d0?s=96&d=mm&r=g","0":null,"1":"","2":"","3":"","4":"","5":"","6":"","7":"","8":""}],"_links":{"self":[{"href":"https:\/\/www.jdx.info\/lutte\/wp-json\/wp\/v2\/posts\/117904","targetHints":{"allow":["GET"]}}],"collection":[{"href":"https:\/\/www.jdx.info\/lutte\/wp-json\/wp\/v2\/posts"}],"about":[{"href":"https:\/\/www.jdx.info\/lutte\/wp-json\/wp\/v2\/types\/post"}],"author":[{"embeddable":true,"href":"https:\/\/www.jdx.info\/lutte\/wp-json\/wp\/v2\/users\/665"}],"replies":[{"embeddable":true,"href":"https:\/\/www.jdx.info\/lutte\/wp-json\/wp\/v2\/comments?post=117904"}],"version-history":[{"count":3,"href":"https:\/\/www.jdx.info\/lutte\/wp-json\/wp\/v2\/posts\/117904\/revisions"}],"predecessor-version":[{"id":117949,"href":"https:\/\/www.jdx.info\/lutte\/wp-json\/wp\/v2\/posts\/117904\/revisions\/117949"}],"wp:featuredmedia":[{"embeddable":true,"href":"https:\/\/www.jdx.info\/lutte\/wp-json\/wp\/v2\/media\/117947"}],"wp:attachment":[{"href":"https:\/\/www.jdx.info\/lutte\/wp-json\/wp\/v2\/media?parent=117904"}],"wp:term":[{"taxonomy":"category","embeddable":true,"href":"https:\/\/www.jdx.info\/lutte\/wp-json\/wp\/v2\/categories?post=117904"},{"taxonomy":"post_tag","embeddable":true,"href":"https:\/\/www.jdx.info\/lutte\/wp-json\/wp\/v2\/tags?post=117904"},{"taxonomy":"author","embeddable":true,"href":"https:\/\/www.jdx.info\/lutte\/wp-json\/wp\/v2\/ppma_author?post=117904"}],"curies":[{"name":"wp","href":"https:\/\/api.w.org\/{rel}","templated":true}]}}