{"id":117894,"date":"2025-05-23T00:12:00","date_gmt":"2025-05-23T04:12:00","guid":{"rendered":"https:\/\/www.jdx.info\/lutte\/?p=117894"},"modified":"2025-05-23T16:00:48","modified_gmt":"2025-05-23T20:00:48","slug":"bill-goldberg-fait-le-point-sur-lentrainement-pour-le-match-de-retraite-de-la-wwe-la-gestion-des-problemes-depaule","status":"publish","type":"post","link":"https:\/\/www.jdx.info\/lutte\/2025\/05\/23\/bill-goldberg-fait-le-point-sur-lentrainement-pour-le-match-de-retraite-de-la-wwe-la-gestion-des-problemes-depaule\/","title":{"rendered":"Bill Goldberg fait le point sur l\u2019entra\u00eenement pour le match de retraite de la WWE, la gestion des probl\u00e8mes d\u2019\u00e9paule"},"content":{"rendered":"\n<p><\/p>\n\n\n\n<p>Goldberg, membre du Temple de la renomm\u00e9e de la WWE, a offert une derni\u00e8re mise \u00e0 jour sur son chemin vers le ring.<\/p>\n\n\n\n<p>La l\u00e9gende de 58 ans devrait avoir son match de retraite en 2025, les commentaires pr\u00e9c\u00e9dents indiquant un combat pendant l\u2019\u00e9t\u00e9. Dans un r\u00e9cent \u00e9pisode du podcast&nbsp;<a href=\"https:\/\/open.spotify.com\/episode\/3OyuDsFtcPLu7aVWShvC28\" target=\"_Blank\" rel=\"noreferrer noopener\">Carcast<\/a>, Goldberg a discut\u00e9 de la situation actuelle en termes de pr\u00e9paration.<\/p>\n\n\n\n<center><iframe style=\"border-radius:12px\" src=\"https:\/\/open.spotify.com\/embed\/episode\/3OyuDsFtcPLu7aVWShvC28?utm_source=generator\" width=\"100%\" height=\"352\" frameBorder=\"0\" allowfullscreen=\"\" allow=\"autoplay; clipboard-write; encrypted-media; fullscreen; picture-in-picture\" loading=\"lazy\"><\/iframe><\/center>\n\n\n\n<blockquote class=\"wp-block-quote is-layout-flow wp-block-quote-is-layout-flow\">\n<p>\u00ab\u00a0Je me sens un peu mieux, j\u2019ai pris un peu de poids mec. J\u2019ai fait un peu de kickboxing le week-end. J\u2019y arrive mec, il me reste un peu de temps. Lentement mais s\u00fbrement, Rome ne s\u2019est pas construite en un jour.<\/p>\n<\/blockquote>\n\n\n\n<p>Goldberg a \u00e9galement confirm\u00e9 qu\u2019il est actuellement en bonne sant\u00e9 et qu\u2019il reste disciplin\u00e9 pendant cette phase de son entra\u00eenement.<\/p>\n\n\n\n<blockquote class=\"wp-block-quote is-layout-flow wp-block-quote-is-layout-flow\">\n<p>\u00ab Croyez-moi, \u00e7a a \u00e9t\u00e9 vraiment difficile de me contr\u00f4ler, mais je pense que j\u2019ai un bon calendrier. Je ne suis pas bless\u00e9 pour l\u2019instant.<\/p>\n<\/blockquote>\n\n\n\n<p>Il a \u00e9galement abord\u00e9 les progr\u00e8s qu\u2019il a r\u00e9alis\u00e9s avec son \u00e9paule, comparant son approche de r\u00e9adaptation \u00e0 la restauration d\u2019une voiture classique.<\/p>\n\n\n\n<blockquote class=\"wp-block-quote is-layout-flow wp-block-quote-is-layout-flow\">\n<p>\u00ab Beaucoup mieux. Je veux dire, bon sang, je peux faire des choses avec \u2013 je ne pouvais rien faire avec en d\u00e9cembre. C\u2019est l\u2019une de ces choses \u2013 c\u2019est comme reconstruire une voiture. Vous devez le r\u00e9duire au strict minimum et le construire s\u00e9quentiellement sous une forme logique. Cela s\u2019applique avec un v\u00e9hicule, cela s\u2019applique avec votre corps. Je ne peux pas faire preuve d\u2019exc\u00e8s de z\u00e8le et mettre de la avant que ce ne soit l\u2019heure. C\u2019est un processus tr\u00e8s lent, mais je pense que la fa\u00e7on dont je m\u2019y prends va fonctionner, esp\u00e9rons-le.<\/p>\n<\/blockquote>\n\n\n\n<p>Bien qu\u2019aucune date ou adversaire n\u2019ait encore \u00e9t\u00e9 confirm\u00e9, le retour de Goldberg continue de susciter l\u2019anticipation alors qu\u2019il se pr\u00e9pare \u00e0 clore sa carri\u00e8re embl\u00e9matique selon ses propres termes.<\/p>\n\n\n\n<p><\/p>\n\n\n\n<p><\/p>\n<p><\/p>","protected":false},"excerpt":{"rendered":"<p>Goldberg, membre du Temple de la renomm\u00e9e de la WWE, a offert une derni\u00e8re mise \u00e0 jour sur son chemin vers le ring. La l\u00e9gende de 58 ans devrait avoir son match de retraite en 2025, les commentaires pr\u00e9c\u00e9dents indiquant un combat pendant l\u2019\u00e9t\u00e9. Dans un r\u00e9cent \u00e9pisode du podcast&nbsp;Carcast, Goldberg a discut\u00e9 de la&#8230;<\/p>\n","protected":false},"author":665,"featured_media":117945,"comment_status":"open","ping_status":"closed","sticky":false,"template":"","format":"standard","meta":{"footnotes":""},"categories":[30,77,4,83],"tags":[],"ppma_author":[289],"class_list":["post-117894","post","type-post","status-publish","format-standard","has-post-thumbnail","hentry","category-ex-wwe","category-hall-of-fame","category-news","category-wcw"],"authors":[{"term_id":289,"user_id":665,"is_guest":0,"slug":"line","display_name":"Line Edmond","avatar_url":"https:\/\/secure.gravatar.com\/avatar\/852de09636413c90cdaa278312f9ea5bc4396768745424755cb63d99a05989d0?s=96&d=mm&r=g","0":null,"1":"","2":"","3":"","4":"","5":"","6":"","7":"","8":""}],"_links":{"self":[{"href":"https:\/\/www.jdx.info\/lutte\/wp-json\/wp\/v2\/posts\/117894","targetHints":{"allow":["GET"]}}],"collection":[{"href":"https:\/\/www.jdx.info\/lutte\/wp-json\/wp\/v2\/posts"}],"about":[{"href":"https:\/\/www.jdx.info\/lutte\/wp-json\/wp\/v2\/types\/post"}],"author":[{"embeddable":true,"href":"https:\/\/www.jdx.info\/lutte\/wp-json\/wp\/v2\/users\/665"}],"replies":[{"embeddable":true,"href":"https:\/\/www.jdx.info\/lutte\/wp-json\/wp\/v2\/comments?post=117894"}],"version-history":[{"count":2,"href":"https:\/\/www.jdx.info\/lutte\/wp-json\/wp\/v2\/posts\/117894\/revisions"}],"predecessor-version":[{"id":117946,"href":"https:\/\/www.jdx.info\/lutte\/wp-json\/wp\/v2\/posts\/117894\/revisions\/117946"}],"wp:featuredmedia":[{"embeddable":true,"href":"https:\/\/www.jdx.info\/lutte\/wp-json\/wp\/v2\/media\/117945"}],"wp:attachment":[{"href":"https:\/\/www.jdx.info\/lutte\/wp-json\/wp\/v2\/media?parent=117894"}],"wp:term":[{"taxonomy":"category","embeddable":true,"href":"https:\/\/www.jdx.info\/lutte\/wp-json\/wp\/v2\/categories?post=117894"},{"taxonomy":"post_tag","embeddable":true,"href":"https:\/\/www.jdx.info\/lutte\/wp-json\/wp\/v2\/tags?post=117894"},{"taxonomy":"author","embeddable":true,"href":"https:\/\/www.jdx.info\/lutte\/wp-json\/wp\/v2\/ppma_author?post=117894"}],"curies":[{"name":"wp","href":"https:\/\/api.w.org\/{rel}","templated":true}]}}