{"id":117065,"date":"2025-05-07T13:15:06","date_gmt":"2025-05-07T17:15:06","guid":{"rendered":"https:\/\/www.jdx.info\/lutte\/?p=117065"},"modified":"2025-05-07T13:24:26","modified_gmt":"2025-05-07T17:24:26","slug":"shelton-benjamin-remet-les-pendules-a-lheure-et-indique-clairement-que-son-dedain-pour-hulk-hogan-nest-pas-lie-a-la-falsification-de-son-nom","status":"publish","type":"post","link":"https:\/\/www.jdx.info\/lutte\/2025\/05\/07\/shelton-benjamin-remet-les-pendules-a-lheure-et-indique-clairement-que-son-dedain-pour-hulk-hogan-nest-pas-lie-a-la-falsification-de-son-nom\/","title":{"rendered":"Shelton Benjamin remet les pendules \u00e0 l\u2019heure et indique clairement que son d\u00e9dain pour Hulk Hogan n\u2019est pas li\u00e9 \u00e0 la falsification de son nom !"},"content":{"rendered":"\n<p>Shelton Benjamin n\u2019aime pas Hulk Hogan.<\/p>\n\n\n\n<p>Et cela n\u2019a rien \u00e0 voir avec le fait que \u00ab\u00a0The Hulkster\u00a0\u00bb prononce son nom \u00e0 l\u2019envers. Comment quelqu\u2019un a d\u00e9duit cela de ses commentaires d\u00e9passe l\u2019entendement, mais cela a incit\u00e9 le membre de The Hurt Syndicate de la AEW \u00e0 faire surface sur les r\u00e9seaux sociaux avec un suivi.<\/p>\n\n\n\n<p>Pour ceux qui l\u2019ont manqu\u00e9, alors qu\u2019il faisait la promotion de sa nouvelle aventure de lutte freestyle avec Eric Bischoff,\u00a0Hulk Hogan a r\u00e9cemment mentionn\u00e9 \u00eatre un fan de \u00ab\u00a0Benjamin Shelton\u00a0\u00bb, faisant l\u2019\u00e9loge\u00a0de ses r\u00e9f\u00e9rences en lutte universitaire.<\/p>\n\n\n\n<p>Benjamin lui-m\u00eame a r\u00e9pondu sur les r\u00e9seaux sociaux, en \u00e9crivant : <\/p>\n\n\n\n<blockquote class=\"wp-block-quote is-layout-flow wp-block-quote-is-layout-flow\">\n<p>\u00ab\u00a0Message \u00e0 Hulk Hogan. Tu m\u2019as perdu \u00e0 jamais avec ton &lsquo;ne te fais pas prendre&rsquo;&#8230; ou, comme vous l\u2019appelleriez, un discours d\u2019excuses. Donc, plut\u00f4t que de g\u00e2cher mon nom et de pr\u00e9tendre que nous avons jamais eu une sorte de camaraderie, ce que nous n\u2019avons jamais eu. S\u2019il vous pla\u00eet, faites-moi une faveur&#8230; \u00bb<\/p>\n<\/blockquote>\n\n\n\n<p>Le post a ensuite d\u00e9bouch\u00e9 sur une image GIF de Will Smith criant sur Chris Rock aux Oscars avec une l\u00e9gende l\u00e9g\u00e8rement modifi\u00e9e disant : <\/p>\n\n\n\n<blockquote class=\"wp-block-quote is-layout-flow wp-block-quote-is-layout-flow\">\n<p>\u00ab\u00a0Gardez mon nom hors de votre de bouche !\u00a0\u00bb<\/p>\n<\/blockquote>\n\n\n\n<p>Mercredi, Shelton Benjamin a refait surface sur les r\u00e9seaux sociaux pour remettre les pendules \u00e0 l\u2019heure, indiquant clairement que Hogan pronon\u00e7ant son nom \u00e0 l\u2019envers n\u2019a litt\u00e9ralement rien \u00e0 voir avec son d\u00e9dain pour la l\u00e9gende de la lutte professionnelle.<\/p>\n\n\n\n<blockquote class=\"wp-block-quote is-layout-flow wp-block-quote-is-layout-flow\">\n<p>\u00ab\u00a0Cela m\u2019\u00e9tonne que certaines personnes pensent vraiment que c\u2019est le fait de b\u00e2cler mon nom qui m\u2019a d\u00e9clench\u00e9\u00a0\u00bb, a \u00e9crit Benjamin via X, suivi d\u2019un GIF de Charlie Murphy dans \u00ab\u00a0Chappelle\u2019s Show\u00a0\u00bb disant \u00ab\u00a0FAUX\u00a0!\u00a0\u00bb\u00a0\u00bb <\/p>\n<\/blockquote>\n\n\n\n<p>Pour ceux qui l\u2019ont manqu\u00e9, plusieurs stars de la WWE et de la AEW ont clairement indiqu\u00e9 qu\u2019elles n\u2019aimaient pas \u00ab\u00a0The Hulkster\u00a0\u00bb dans les m\u00e9dias et les m\u00e9dias sociaux cette semaine :<\/p>\n\n\n\n<figure class=\"wp-block-embed aligncenter is-type-wp-embed is-provider-info-lutte wp-block-embed-info-lutte\"><div class=\"wp-block-embed__wrapper\">\n<blockquote class=\"wp-embedded-content\" data-secret=\"mPaRPYpC3g\"><a href=\"https:\/\/www.jdx.info\/lutte\/2025\/05\/06\/shelton-benjamin-hogan-twit-video\/\">Shelton Benjamin Hogan Twit &amp; Video<\/a><\/blockquote><iframe loading=\"lazy\" class=\"wp-embedded-content\" sandbox=\"allow-scripts\" security=\"restricted\" style=\"position: absolute; visibility: hidden;\" title=\"\u00ab\u00a0Shelton Benjamin Hogan Twit &amp; Video\u00a0\u00bb &#8212; Info-Lutte\" src=\"https:\/\/www.jdx.info\/lutte\/2025\/05\/06\/shelton-benjamin-hogan-twit-video\/embed\/#?secret=5jpviqeOqs#?secret=mPaRPYpC3g\" data-secret=\"mPaRPYpC3g\" width=\"600\" height=\"338\" frameborder=\"0\" marginwidth=\"0\" marginheight=\"0\" scrolling=\"no\"><\/iframe>\n<\/div><\/figure>\n\n\n\n<p><\/p>\n<p><\/p>","protected":false},"excerpt":{"rendered":"<p>Shelton Benjamin n\u2019aime pas Hulk Hogan. Et cela n\u2019a rien \u00e0 voir avec le fait que \u00ab\u00a0The Hulkster\u00a0\u00bb prononce son nom \u00e0 l\u2019envers. Comment quelqu\u2019un a d\u00e9duit cela de ses commentaires d\u00e9passe l\u2019entendement, mais cela a incit\u00e9 le membre de The Hurt Syndicate de la AEW \u00e0 faire surface sur les r\u00e9seaux sociaux avec un&#8230;<\/p>\n","protected":false},"author":665,"featured_media":117092,"comment_status":"open","ping_status":"closed","sticky":false,"template":"","format":"standard","meta":{"footnotes":""},"categories":[38,30,4],"tags":[],"ppma_author":[289],"class_list":["post-117065","post","type-post","status-publish","format-standard","has-post-thumbnail","hentry","category-aew","category-ex-wwe","category-news"],"authors":[{"term_id":289,"user_id":665,"is_guest":0,"slug":"line","display_name":"Line Edmond","avatar_url":"https:\/\/secure.gravatar.com\/avatar\/852de09636413c90cdaa278312f9ea5bc4396768745424755cb63d99a05989d0?s=96&d=mm&r=g","0":null,"1":"","2":"","3":"","4":"","5":"","6":"","7":"","8":""}],"_links":{"self":[{"href":"https:\/\/www.jdx.info\/lutte\/wp-json\/wp\/v2\/posts\/117065","targetHints":{"allow":["GET"]}}],"collection":[{"href":"https:\/\/www.jdx.info\/lutte\/wp-json\/wp\/v2\/posts"}],"about":[{"href":"https:\/\/www.jdx.info\/lutte\/wp-json\/wp\/v2\/types\/post"}],"author":[{"embeddable":true,"href":"https:\/\/www.jdx.info\/lutte\/wp-json\/wp\/v2\/users\/665"}],"replies":[{"embeddable":true,"href":"https:\/\/www.jdx.info\/lutte\/wp-json\/wp\/v2\/comments?post=117065"}],"version-history":[{"count":2,"href":"https:\/\/www.jdx.info\/lutte\/wp-json\/wp\/v2\/posts\/117065\/revisions"}],"predecessor-version":[{"id":117093,"href":"https:\/\/www.jdx.info\/lutte\/wp-json\/wp\/v2\/posts\/117065\/revisions\/117093"}],"wp:featuredmedia":[{"embeddable":true,"href":"https:\/\/www.jdx.info\/lutte\/wp-json\/wp\/v2\/media\/117092"}],"wp:attachment":[{"href":"https:\/\/www.jdx.info\/lutte\/wp-json\/wp\/v2\/media?parent=117065"}],"wp:term":[{"taxonomy":"category","embeddable":true,"href":"https:\/\/www.jdx.info\/lutte\/wp-json\/wp\/v2\/categories?post=117065"},{"taxonomy":"post_tag","embeddable":true,"href":"https:\/\/www.jdx.info\/lutte\/wp-json\/wp\/v2\/tags?post=117065"},{"taxonomy":"author","embeddable":true,"href":"https:\/\/www.jdx.info\/lutte\/wp-json\/wp\/v2\/ppma_author?post=117065"}],"curies":[{"name":"wp","href":"https:\/\/api.w.org\/{rel}","templated":true}]}}