{"id":10770,"date":"2019-08-30T16:21:02","date_gmt":"2019-08-30T20:21:02","guid":{"rendered":"http:\/\/www.jdx.info\/lutte\/?p=10770"},"modified":"2019-08-30T16:21:32","modified_gmt":"2019-08-30T20:21:32","slug":"le-dossier-criminel-de-jimmy-uso-pose-prejudice-a-lequipe-pour-quand-leur-retour-et-plus","status":"publish","type":"post","link":"https:\/\/www.jdx.info\/lutte\/2019\/08\/30\/le-dossier-criminel-de-jimmy-uso-pose-prejudice-a-lequipe-pour-quand-leur-retour-et-plus\/","title":{"rendered":"Le Dossier Criminel de Jimmy Uso Pose Pr\u00e9judice \u00e0 l&rsquo;\u00c9quipe! Pour quand leur Retour? Et Plus!"},"content":{"rendered":"\n<p>Il semble que selon nos sources, les Usos devraient revenir \u00e0 la WWE dans quelques semaines.<\/p>\n\n\n\n<p>Selon notre informateur, les deux fr\u00e8res sont actuellement hors de l&rsquo;action depuis un peu apr\u00e8s l\u2019arrestation de Jimmy Uso du 25 juillet  \u00e0 Pensacola, en Floride mais on s\u2019attend \u00e0 ce qu\u2019ils soient de retour dans quelques semaines. On ne sait pas encore ce que la WWE a pr\u00e9vu pour eux.<\/p>\n\n\n\n<p>Comme indiqu\u00e9, les Usos ont \u00e9t\u00e9 retir\u00e9s des r\u00e9centes festivit\u00e9s et activit\u00e9 entourant le Week-End de SummerSlam \u00e0 Toronto, en Ontario, au Canada, en raison de leurs probl\u00e8mes juridiques ant\u00e9rieurs. <\/p>\n\n\n\n<p>\u00c0 la suite de l&rsquo;arrestation du 25 juillet, Jimmy n&rsquo;aurait pas \u00e9t\u00e9 autoris\u00e9 \u00e0 entrer au Canada \u00e0 cause de son dossier criminel.<\/p>\n\n\n\n<p>Avec un nouveau contrat en poche, la WWE ne semble pas vouloir les virer mais tente de leur montrer la ligne \u00e0 suivre. <\/p>\n\n\n\n<p>Vous \u00eates libre  de suivre d\u00e8s maintenant Info-Lutte via <a href=\"https:\/\/www.facebook.com\/InfoLuttenet\/\">Facebook <\/a>ou <a href=\"https:\/\/twitter.com\/InfoLutte\">Twitter @INFOLUTTE<\/a>. Et merci ne ne pas quitter sans visiter ce qui est autour du site  pour nous aider \u00e0 vous en offrir toujours plus, ici m\u00eame sur votre site pr\u00e9f\u00e9r\u00e9<\/p>\n\n\n\n<p><br>\nVous voulez faire parti de l&rsquo;\u00e9quipe, contactez moi via Facebook en <a href=\"https:\/\/www.facebook.com\/JasonDarkCashDescoteaux\/\">cliquant ici<\/a><\/p>\n<p><\/p>","protected":false},"excerpt":{"rendered":"<p>Il semble que selon nos sources, les Usos devraient revenir \u00e0 la WWE dans quelques semaines. Selon notre informateur, les deux fr\u00e8res sont actuellement hors de l&rsquo;action depuis un peu apr\u00e8s l\u2019arrestation de Jimmy Uso du 25 juillet \u00e0 Pensacola, en Floride mais on s\u2019attend \u00e0 ce qu\u2019ils soient de retour dans quelques semaines. On&#8230;<\/p>\n","protected":false},"author":2,"featured_media":10771,"comment_status":"open","ping_status":"closed","sticky":false,"template":"","format":"standard","meta":{"footnotes":""},"categories":[4,23],"tags":[],"ppma_author":[287],"class_list":["post-10770","post","type-post","status-publish","format-standard","has-post-thumbnail","hentry","category-news","category-wwe"],"authors":[{"term_id":287,"user_id":2,"is_guest":0,"slug":"jason","display_name":"Jason Desc\u00f4teaux","avatar_url":"https:\/\/secure.gravatar.com\/avatar\/f64adf6d13198c3a532c061cecd8672089a1e9a3d07c702dffe886a7e55a15eb?s=96&d=mm&r=g","0":null,"1":"","2":"","3":"","4":"","5":"","6":"","7":"","8":""}],"_links":{"self":[{"href":"https:\/\/www.jdx.info\/lutte\/wp-json\/wp\/v2\/posts\/10770","targetHints":{"allow":["GET"]}}],"collection":[{"href":"https:\/\/www.jdx.info\/lutte\/wp-json\/wp\/v2\/posts"}],"about":[{"href":"https:\/\/www.jdx.info\/lutte\/wp-json\/wp\/v2\/types\/post"}],"author":[{"embeddable":true,"href":"https:\/\/www.jdx.info\/lutte\/wp-json\/wp\/v2\/users\/2"}],"replies":[{"embeddable":true,"href":"https:\/\/www.jdx.info\/lutte\/wp-json\/wp\/v2\/comments?post=10770"}],"version-history":[{"count":2,"href":"https:\/\/www.jdx.info\/lutte\/wp-json\/wp\/v2\/posts\/10770\/revisions"}],"predecessor-version":[{"id":10773,"href":"https:\/\/www.jdx.info\/lutte\/wp-json\/wp\/v2\/posts\/10770\/revisions\/10773"}],"wp:featuredmedia":[{"embeddable":true,"href":"https:\/\/www.jdx.info\/lutte\/wp-json\/wp\/v2\/media\/10771"}],"wp:attachment":[{"href":"https:\/\/www.jdx.info\/lutte\/wp-json\/wp\/v2\/media?parent=10770"}],"wp:term":[{"taxonomy":"category","embeddable":true,"href":"https:\/\/www.jdx.info\/lutte\/wp-json\/wp\/v2\/categories?post=10770"},{"taxonomy":"post_tag","embeddable":true,"href":"https:\/\/www.jdx.info\/lutte\/wp-json\/wp\/v2\/tags?post=10770"},{"taxonomy":"author","embeddable":true,"href":"https:\/\/www.jdx.info\/lutte\/wp-json\/wp\/v2\/ppma_author?post=10770"}],"curies":[{"name":"wp","href":"https:\/\/api.w.org\/{rel}","templated":true}]}}