{"id":107210,"date":"2024-11-08T11:11:00","date_gmt":"2024-11-08T16:11:00","guid":{"rendered":"https:\/\/www.jdx.info\/lutte\/?p=107210"},"modified":"2024-11-12T16:24:40","modified_gmt":"2024-11-12T21:24:40","slug":"la-legende-mexicaine-de-la-lutte-professionnelle-scorpio-jr-decede-a-lage-de-58-ans-el-hijo-del-santo-commentaires","status":"publish","type":"post","link":"https:\/\/www.jdx.info\/lutte\/2024\/11\/08\/la-legende-mexicaine-de-la-lutte-professionnelle-scorpio-jr-decede-a-lage-de-58-ans-el-hijo-del-santo-commentaires\/","title":{"rendered":"La l\u00e9gende mexicaine de la lutte professionnelle Scorpio Jr. d\u00e9c\u00e8de \u00e0 l\u2019\u00e2ge de 58 ans, El Hijo del Santo Commentaires"},"content":{"rendered":"\n<p>Le monde de la lutte professionnelle a perdu une autre l\u00e9gende.<\/p>\n\n\n\n<p>La star mexicaine de la lutte professionnelle Scorpio Jr. est d\u00e9c\u00e9d\u00e9e \u00e0 l\u2019\u00e2ge de 58 ans.<\/p>\n\n\n\n<p>La nouvelle a \u00e9t\u00e9 rapport\u00e9e pour la premi\u00e8re fois par une autre l\u00e9gende mexicaine, El Hijo del Santo, qui a confirm\u00e9 l\u2019histoire sur les r\u00e9seaux sociaux jeudi.<\/p>\n\n\n\n<blockquote class=\"wp-block-quote is-layout-flow wp-block-quote-is-layout-flow\">\n<p>\u00ab&nbsp;Nous nous joignons au chagrin qui submerge la famille de notre grand ami et coll\u00e8gue&nbsp;\u00bb, a-t-il \u00e9crit via X. \u00ab&nbsp;Que En Paz Descanse.&nbsp;\u00bb<\/p>\n<\/blockquote>\n\n\n\n<p><\/p>\n<p><\/p>","protected":false},"excerpt":{"rendered":"<p>Le monde de la lutte professionnelle a perdu une autre l\u00e9gende. La star mexicaine de la lutte professionnelle Scorpio Jr. est d\u00e9c\u00e9d\u00e9e \u00e0 l\u2019\u00e2ge de 58 ans. La nouvelle a \u00e9t\u00e9 rapport\u00e9e pour la premi\u00e8re fois par une autre l\u00e9gende mexicaine, El Hijo del Santo, qui a confirm\u00e9 l\u2019histoire sur les r\u00e9seaux sociaux jeudi. \u00ab&nbsp;Nous&#8230;<\/p>\n","protected":false},"author":665,"featured_media":107402,"comment_status":"open","ping_status":"closed","sticky":false,"template":"","format":"standard","meta":{"footnotes":""},"categories":[24,22,4],"tags":[],"ppma_author":[289],"class_list":["post-107210","post","type-post","status-publish","format-standard","has-post-thumbnail","hentry","category-aew-impact-njpw-roh","category-indy","category-news"],"authors":[{"term_id":289,"user_id":665,"is_guest":0,"slug":"line","display_name":"Line Edmond","avatar_url":"https:\/\/secure.gravatar.com\/avatar\/852de09636413c90cdaa278312f9ea5bc4396768745424755cb63d99a05989d0?s=96&d=mm&r=g","0":null,"1":"","2":"","3":"","4":"","5":"","6":"","7":"","8":""}],"_links":{"self":[{"href":"https:\/\/www.jdx.info\/lutte\/wp-json\/wp\/v2\/posts\/107210","targetHints":{"allow":["GET"]}}],"collection":[{"href":"https:\/\/www.jdx.info\/lutte\/wp-json\/wp\/v2\/posts"}],"about":[{"href":"https:\/\/www.jdx.info\/lutte\/wp-json\/wp\/v2\/types\/post"}],"author":[{"embeddable":true,"href":"https:\/\/www.jdx.info\/lutte\/wp-json\/wp\/v2\/users\/665"}],"replies":[{"embeddable":true,"href":"https:\/\/www.jdx.info\/lutte\/wp-json\/wp\/v2\/comments?post=107210"}],"version-history":[{"count":2,"href":"https:\/\/www.jdx.info\/lutte\/wp-json\/wp\/v2\/posts\/107210\/revisions"}],"predecessor-version":[{"id":107403,"href":"https:\/\/www.jdx.info\/lutte\/wp-json\/wp\/v2\/posts\/107210\/revisions\/107403"}],"wp:featuredmedia":[{"embeddable":true,"href":"https:\/\/www.jdx.info\/lutte\/wp-json\/wp\/v2\/media\/107402"}],"wp:attachment":[{"href":"https:\/\/www.jdx.info\/lutte\/wp-json\/wp\/v2\/media?parent=107210"}],"wp:term":[{"taxonomy":"category","embeddable":true,"href":"https:\/\/www.jdx.info\/lutte\/wp-json\/wp\/v2\/categories?post=107210"},{"taxonomy":"post_tag","embeddable":true,"href":"https:\/\/www.jdx.info\/lutte\/wp-json\/wp\/v2\/tags?post=107210"},{"taxonomy":"author","embeddable":true,"href":"https:\/\/www.jdx.info\/lutte\/wp-json\/wp\/v2\/ppma_author?post=107210"}],"curies":[{"name":"wp","href":"https:\/\/api.w.org\/{rel}","templated":true}]}}