{"id":104822,"date":"2024-09-15T13:01:22","date_gmt":"2024-09-15T17:01:22","guid":{"rendered":"https:\/\/www.jdx.info\/lutte\/?p=104822"},"modified":"2024-09-16T13:06:39","modified_gmt":"2024-09-16T17:06:39","slug":"bobby-lashley-est-pret-a-tout-concernant-son-future-dans-le-monde-du-pro-wrestling","status":"publish","type":"post","link":"https:\/\/www.jdx.info\/lutte\/2024\/09\/15\/bobby-lashley-est-pret-a-tout-concernant-son-future-dans-le-monde-du-pro-wrestling\/","title":{"rendered":"Bobby Lashley est \u00ab\u00a0pr\u00eat \u00e0 tout\u00a0\u00bb concernant son future dans le monde du Pro-Wrestling!"},"content":{"rendered":"\n<p>Apr\u00e8s avoir quitt\u00e9 la WWE en ao\u00fbt dernier,\u00a0Bobby Lashley\u00a0est pour le moment toujours free agent et n\u2019est pas encore remont\u00e9 sur un ring de catch, mais il compte le faire.<\/p>\n\n\n\n<p>Dans une r\u00e9cente vid\u00e9o\u00a0publi\u00e9e sur sa cha\u00eene Youtube, l\u2019ancien champion du monde de la WWE et de la TNA, envisage son avenir. S\u2019il ne fait pas de grande annonce en ce sens, notamment sur une promotion qu\u2019il rejoindrait, il dit \u00eatre \u00ab\u00a0pr\u00eat \u00e0 tout\u00a0\u00bb pour retourner sur le ring.<\/p>\n\n\n\n<blockquote class=\"wp-block-quote is-layout-flow wp-block-quote-is-layout-flow\">\n<p><em>\u00ab\u00a0J\u2019ai vu certains articles sur ce que j\u2019allais faire. Est-ce la WWE, la TNA ou la AEW ? Je ne peux rien contr\u00f4ler de tout cela\u00a0\u00bb<\/em><\/p>\n\n\n\n<p>\u00a0<em>\u00ab\u00a0Mais la seule chose que je peux contr\u00f4ler, c\u2019est la fa\u00e7on dont je me pr\u00e9pare. Je suis pr\u00eat \u00e0 tout.\u00a0\u00bb<\/em><\/p>\n\n\n\n<p>\u00a0\u00bb J&rsquo;ai toujours envie de lutter \u00ab\u00a0<\/p>\n<\/blockquote>\n\n\n\n<p>S\u2019il s\u2019est d\u00e9j\u00e0 essay\u00e9 au MMA dans sa carri\u00e8re, Bobby Lashley, 48 ans, a confi\u00e9 avoir un int\u00e9r\u00eat pour la boxe et avoir discut\u00e9 avec une organisation dans ce but. Le catch reste cependant sa priorit\u00e9, comme il l\u2019a confi\u00e9 il y a quelques semaines en interview dans le\u00a0Bo and The Show.<\/p>\n\n\n\n<blockquote class=\"wp-block-quote is-layout-flow wp-block-quote-is-layout-flow\">\n<p><em>\u00ab&nbsp;Le catch, j\u2019ai toujours envie de catcher&nbsp;\u00bb<\/em>, assure-t-il dans l\u2019interview.&nbsp;<em>\u00ab&nbsp;J\u2019aime le catch. Et les fans, les fans m\u2019\u00e9crivent tous les jours pour me dire \u2018quand est-ce que tu reviens, o\u00f9 est-ce que tu vas, peu importe o\u00f9 tu vas, on veut \u00eatre l\u00e0 pour toi\u2019, donc j\u2019aime les fans.&nbsp;\u00bb<\/em><\/p>\n<\/blockquote>\n\n\n\n<p>Apr\u00e8s son d\u00e9part de la WWE et ceux de MVP et Shelton Benjamin, des rumeurs de\u00a0re-formation du clan Hurt Business\u00a0en dehors de la compagnie de Stamford continue de circuler, et fortement \u00e0 la All Elite Wrestling.<\/p>\n\n\n\n<center><iframe loading=\"lazy\" width=\"560\" height=\"315\" src=\"https:\/\/www.youtube.com\/embed\/JzmEwiocMEg?si=ywi0DPTrjPqJqhos\" title=\"YouTube video player\" frameborder=\"0\" allow=\"accelerometer; autoplay; clipboard-write; encrypted-media; gyroscope; picture-in-picture; web-share\" referrerpolicy=\"strict-origin-when-cross-origin\" allowfullscreen><\/iframe><\/center>\n<p><\/p>","protected":false},"excerpt":{"rendered":"<p>Apr\u00e8s avoir quitt\u00e9 la WWE en ao\u00fbt dernier,\u00a0Bobby Lashley\u00a0est pour le moment toujours free agent et n\u2019est pas encore remont\u00e9 sur un ring de catch, mais il compte le faire. Dans une r\u00e9cente vid\u00e9o\u00a0publi\u00e9e sur sa cha\u00eene Youtube, l\u2019ancien champion du monde de la WWE et de la TNA, envisage son avenir. S\u2019il ne fait&#8230;<\/p>\n","protected":false},"author":4,"featured_media":104823,"comment_status":"open","ping_status":"closed","sticky":false,"template":"","format":"standard","meta":{"footnotes":""},"categories":[24,30,22,4],"tags":[],"ppma_author":[292],"class_list":["post-104822","post","type-post","status-publish","format-standard","has-post-thumbnail","hentry","category-aew-impact-njpw-roh","category-ex-wwe","category-indy","category-news"],"authors":[{"term_id":292,"user_id":4,"is_guest":0,"slug":"jean","display_name":"Jean Vinnier","avatar_url":"https:\/\/secure.gravatar.com\/avatar\/33aba0263fd870a0b487e0e079ff407e10e3997c9d2987cbcc0db0db2c5c75a9?s=96&d=mm&r=g","0":null,"1":"","2":"","3":"","4":"","5":"","6":"","7":"","8":""}],"_links":{"self":[{"href":"https:\/\/www.jdx.info\/lutte\/wp-json\/wp\/v2\/posts\/104822","targetHints":{"allow":["GET"]}}],"collection":[{"href":"https:\/\/www.jdx.info\/lutte\/wp-json\/wp\/v2\/posts"}],"about":[{"href":"https:\/\/www.jdx.info\/lutte\/wp-json\/wp\/v2\/types\/post"}],"author":[{"embeddable":true,"href":"https:\/\/www.jdx.info\/lutte\/wp-json\/wp\/v2\/users\/4"}],"replies":[{"embeddable":true,"href":"https:\/\/www.jdx.info\/lutte\/wp-json\/wp\/v2\/comments?post=104822"}],"version-history":[{"count":1,"href":"https:\/\/www.jdx.info\/lutte\/wp-json\/wp\/v2\/posts\/104822\/revisions"}],"predecessor-version":[{"id":104824,"href":"https:\/\/www.jdx.info\/lutte\/wp-json\/wp\/v2\/posts\/104822\/revisions\/104824"}],"wp:featuredmedia":[{"embeddable":true,"href":"https:\/\/www.jdx.info\/lutte\/wp-json\/wp\/v2\/media\/104823"}],"wp:attachment":[{"href":"https:\/\/www.jdx.info\/lutte\/wp-json\/wp\/v2\/media?parent=104822"}],"wp:term":[{"taxonomy":"category","embeddable":true,"href":"https:\/\/www.jdx.info\/lutte\/wp-json\/wp\/v2\/categories?post=104822"},{"taxonomy":"post_tag","embeddable":true,"href":"https:\/\/www.jdx.info\/lutte\/wp-json\/wp\/v2\/tags?post=104822"},{"taxonomy":"author","embeddable":true,"href":"https:\/\/www.jdx.info\/lutte\/wp-json\/wp\/v2\/ppma_author?post=104822"}],"curies":[{"name":"wp","href":"https:\/\/api.w.org\/{rel}","templated":true}]}}