{"id":10430,"date":"2019-08-26T14:50:57","date_gmt":"2019-08-26T18:50:57","guid":{"rendered":"http:\/\/www.jdx.info\/lutte\/?p=10430"},"modified":"2019-08-26T14:52:37","modified_gmt":"2019-08-26T18:52:37","slug":"stone-cold-sera-sur-un-raw-tres-special","status":"publish","type":"post","link":"https:\/\/www.jdx.info\/lutte\/2019\/08\/26\/stone-cold-sera-sur-un-raw-tres-special\/","title":{"rendered":"Stone Cold sera sur un RAW tr\u00e8s Sp\u00e9cial!"},"content":{"rendered":"\n<p> La WWE a annonc\u00e9 que <strong>\u00ab\u00a0Stone Cold\u00a0\u00bb Steve Austin sera \u00e0 RAW le 9 septembre prochain<\/strong>. <\/p>\n\n\n\n<p>Vous avez appris plus t\u00f4t cette \u00e9t\u00e9  que Pour la premi\u00e8re fois en une d\u00e9cennie, la WWE retournera au mythique Madison Square Garden pour y tourner un \u00e9pisode de RAW en direct \u00e0 la t\u00e9l\u00e9 ainsi que le SmackDown Live le lendemain. <\/p>\n\n\n\n<p>Les deux \u00e9v\u00e9nements auront lieu les 9 et 10 septembre 2019 et la WWE pr\u00e9voit un gros programme pour ces dates et leur retour dans cette ar\u00e9na l\u00e9gendaire. Ces derni\u00e8res ann\u00e9es, la WWE s&rsquo;\u00e9tait uniquement rendue dans la fameuse ar\u00e8ne pour y tenir des shows non t\u00e9l\u00e9vis\u00e9 qui \u00e9tait par contre toujours consid\u00e9r\u00e9 comme \u00e9tant des gros shows sp\u00e9cial malgr\u00e9 le fait que se n&rsquo;\u00e9tait pas en direct.<\/p>\n\n\n\n<p>Nous ne savons pas encore quel r\u00f4le jouera Steve Austin mais d&rsquo;ici l\u00e0, restez branch\u00e9 pour d&rsquo;autres nouvelles<\/p>\n\n\n\n<blockquote class=\"twitter-tweet\"><p lang=\"en\" dir=\"ltr\">&#x1f5e3; JUST ANNOUNCED: &#x1f5e3; For the first time in almost two decades, &quot;Stone Cold&quot; Steve Austin (<a href=\"https:\/\/twitter.com\/steveaustinBSR?ref_src=twsrc%5Etfw\">@steveaustinBSR<\/a>) returns to The World\u2019s Most Famous Arena for WWE Monday Night RAW on September 9. You don\u2019t want to miss this! <a href=\"https:\/\/t.co\/HaOonbsZbq\">https:\/\/t.co\/HaOonbsZbq<\/a> <a href=\"https:\/\/twitter.com\/hashtag\/WWEMSG?src=hash&amp;ref_src=twsrc%5Etfw\">#WWEMSG<\/a> <a href=\"https:\/\/t.co\/HuhPuLlXXR\">pic.twitter.com\/HuhPuLlXXR<\/a><\/p>&mdash; MSG (@TheGarden) <a href=\"https:\/\/twitter.com\/TheGarden\/status\/1166039958982995968?ref_src=twsrc%5Etfw\">August 26, 2019<\/a><\/blockquote> <script async src=\"https:\/\/platform.twitter.com\/widgets.js\" charset=\"utf-8\"><\/script>\n<p><\/p>","protected":false},"excerpt":{"rendered":"<p>La WWE a annonc\u00e9 que \u00ab\u00a0Stone Cold\u00a0\u00bb Steve Austin sera \u00e0 RAW le 9 septembre prochain. Vous avez appris plus t\u00f4t cette \u00e9t\u00e9 que Pour la premi\u00e8re fois en une d\u00e9cennie, la WWE retournera au mythique Madison Square Garden pour y tourner un \u00e9pisode de RAW en direct \u00e0 la t\u00e9l\u00e9 ainsi que le SmackDown&#8230;<\/p>\n","protected":false},"author":4,"featured_media":10431,"comment_status":"open","ping_status":"closed","sticky":false,"template":"","format":"standard","meta":{"footnotes":""},"categories":[30,4,23],"tags":[],"ppma_author":[292],"class_list":["post-10430","post","type-post","status-publish","format-standard","has-post-thumbnail","hentry","category-ex-wwe","category-news","category-wwe"],"authors":[{"term_id":292,"user_id":4,"is_guest":0,"slug":"jean","display_name":"Jean Vinnier","avatar_url":"https:\/\/secure.gravatar.com\/avatar\/33aba0263fd870a0b487e0e079ff407e10e3997c9d2987cbcc0db0db2c5c75a9?s=96&d=mm&r=g","0":null,"1":"","2":"","3":"","4":"","5":"","6":"","7":"","8":""}],"_links":{"self":[{"href":"https:\/\/www.jdx.info\/lutte\/wp-json\/wp\/v2\/posts\/10430","targetHints":{"allow":["GET"]}}],"collection":[{"href":"https:\/\/www.jdx.info\/lutte\/wp-json\/wp\/v2\/posts"}],"about":[{"href":"https:\/\/www.jdx.info\/lutte\/wp-json\/wp\/v2\/types\/post"}],"author":[{"embeddable":true,"href":"https:\/\/www.jdx.info\/lutte\/wp-json\/wp\/v2\/users\/4"}],"replies":[{"embeddable":true,"href":"https:\/\/www.jdx.info\/lutte\/wp-json\/wp\/v2\/comments?post=10430"}],"version-history":[{"count":2,"href":"https:\/\/www.jdx.info\/lutte\/wp-json\/wp\/v2\/posts\/10430\/revisions"}],"predecessor-version":[{"id":10433,"href":"https:\/\/www.jdx.info\/lutte\/wp-json\/wp\/v2\/posts\/10430\/revisions\/10433"}],"wp:featuredmedia":[{"embeddable":true,"href":"https:\/\/www.jdx.info\/lutte\/wp-json\/wp\/v2\/media\/10431"}],"wp:attachment":[{"href":"https:\/\/www.jdx.info\/lutte\/wp-json\/wp\/v2\/media?parent=10430"}],"wp:term":[{"taxonomy":"category","embeddable":true,"href":"https:\/\/www.jdx.info\/lutte\/wp-json\/wp\/v2\/categories?post=10430"},{"taxonomy":"post_tag","embeddable":true,"href":"https:\/\/www.jdx.info\/lutte\/wp-json\/wp\/v2\/tags?post=10430"},{"taxonomy":"author","embeddable":true,"href":"https:\/\/www.jdx.info\/lutte\/wp-json\/wp\/v2\/ppma_author?post=10430"}],"curies":[{"name":"wp","href":"https:\/\/api.w.org\/{rel}","templated":true}]}}