{"id":10336,"date":"2019-08-24T12:32:25","date_gmt":"2019-08-24T16:32:25","guid":{"rendered":"http:\/\/www.jdx.info\/lutte\/?p=10336"},"modified":"2019-08-24T12:32:27","modified_gmt":"2019-08-24T16:32:27","slug":"cody-rhodes-esperes-que-les-fans-vont-les-choisir-le-mercredi-la-wwe-replique-sur-la-guerre-du-mercredi-et-plus","status":"publish","type":"post","link":"https:\/\/www.jdx.info\/lutte\/2019\/08\/24\/cody-rhodes-esperes-que-les-fans-vont-les-choisir-le-mercredi-la-wwe-replique-sur-la-guerre-du-mercredi-et-plus\/","title":{"rendered":"Cody Rhodes Esp\u00e8res que les Fans Vont les Choisir le Mercredi! La WWE R\u00e9plique sur la Guerre du Mercredi et Plus!"},"content":{"rendered":"\n<p>Cody Rhodes \u00e9tait en entrevue pour discuter de la nouvelle soir\u00e9e \u00ab\u00a0Wrestling\u00a0\u00bb les  mercredis soirs \u00e0 la  t\u00e9l\u00e9vision aux USA, dans la nuit pour l&rsquo;Europe. Selon lui les mercredis soirs seront LA soir\u00e9e la plus  importante pour les fans de lutte professionnel:<\/p>\n\n\n\n<blockquote class=\"wp-block-quote is-layout-flow wp-block-quote-is-layout-flow\"><p>\u00a0\u00bbJe crois que la soir\u00e9e la plus  importante du monde de la lutte sera les mercredis soirs. Le meilleur du catch aura  lieu les mercredis soirs. C&rsquo;est une destination TV et quand est-ce \u00e9tait  la derni\u00e8re fois o\u00f9 le catch \u00e9tait une destination t\u00e9l\u00e9? C&rsquo;est une  soir\u00e9e qui faut regarder et je ne vais pas me plaindre. Maintenant les  fans de catch ont un choix et j&rsquo;esp\u00e8re qu&rsquo;ils vont nous choisir.\u00a0\u00bb<\/p><\/blockquote>\n\n\n\n<p>Car oui d\u00e8s le 2 octobre la AEW va entrer  en comp\u00e9tition avec NXT tous les mercredis sur la t\u00e9l\u00e9vision am\u00e9ricaine  via deux cha\u00eenes disponibles sur le c\u00e2ble, TNT et USA Network. Cody ajoute qu&rsquo;il va suivre  le programme de NXT comme il est intrigu\u00e9 par ce qu&rsquo;ils vont apporter :<\/p>\n\n\n\n<blockquote class=\"wp-block-quote is-layout-flow wp-block-quote-is-layout-flow\"><p>\u00a0\u00bbJe suis curieusement intrigu\u00e9 par ce  que Vince McMahon fera avec NXT. Mon p\u00e8re \u00e9tait un fondateur \u00e0 la  cr\u00e9ation de NXT. Depuis longtemps ce fut pour le d\u00e9veloppement.  Avec Vince qui am\u00e8ne NXT sur USA Network comme une marque, je suis  intrigu\u00e9 par cela.\u00a0\u00bb<\/p><\/blockquote>\n\n\n\n<p>En effet, il ne faut pas oublier que NXT  est un endroit o\u00f9 les nouvelles recrues de la WWE peuvent apprendre les  bases ainsi que le fonctionnement de la compagnie. Les \u00e9pisodes de NXT  sont toujours des tests pour ces nouveaux et voir ce qu&rsquo;ils peuvent  faire devant la cam\u00e9ra.<\/p>\n\n\n\n<p>&#8211; Dans la foul\u00e9e vous le savez, la WWE a cherch\u00e9 \u00e0 augmenter  l&rsquo;exposition de son programme NXT diffus\u00e9 le m\u00eame soir. C&rsquo;est ainsi que  la branche jaune et noire qui a longtemps \u00e9t\u00e9 un produit exclusif au  WWE Network \u00e9tait pressenti pour arriver sur une cha\u00eene TV. On parlait de FOX Sports 1 mais se sera le USA Network  finalement qui l&rsquo;aura apr\u00e8s avoir perdu Smackdown Live pour FOX justement.<br><br> Interrog\u00e9 par <em>Deadspin<\/em>, un repr\u00e9sentant de la WWE a fait une  r\u00e9ponse \u00e9tonnante \u00e0 la question sur le fait que NXT \u00e9tait destin\u00e9 \u00e0  faire de l&rsquo;ombre \u00e0 la AEW.<\/p>\n\n\n\n<blockquote class=\"wp-block-quote is-layout-flow wp-block-quote-is-layout-flow\"><p> <br> Le point de d\u00e9part de votre histoire est fausse. NXT est diffus\u00e9 le  mercredi depuis 2015 (ndlr: 2012 m\u00eame) comme je suis sur vous le savez.  Cela ne peut donc \u00eatre appel\u00e9 faire du contre-programme si vous  continuez de diffuser une s\u00e9rie le m\u00eame jour\/moment depuis presque cinq  ans. Peut-\u00eatre que vous devriez demander si la All Elite Wrestling cherche \u00e0 faire du  contre-programme \u00e0 NXT ?  <br><\/p><\/blockquote>\n<p><\/p>","protected":false},"excerpt":{"rendered":"<p>Cody Rhodes \u00e9tait en entrevue pour discuter de la nouvelle soir\u00e9e \u00ab\u00a0Wrestling\u00a0\u00bb les mercredis soirs \u00e0 la t\u00e9l\u00e9vision aux USA, dans la nuit pour l&rsquo;Europe. Selon lui les mercredis soirs seront LA soir\u00e9e la plus importante pour les fans de lutte professionnel: \u00a0\u00bbJe crois que la soir\u00e9e la plus importante du monde de la lutte&#8230;<\/p>\n","protected":false},"author":4,"featured_media":10337,"comment_status":"open","ping_status":"closed","sticky":false,"template":"","format":"standard","meta":{"footnotes":""},"categories":[24,4,23],"tags":[],"ppma_author":[292],"class_list":["post-10336","post","type-post","status-publish","format-standard","has-post-thumbnail","hentry","category-aew-impact-njpw-roh","category-news","category-wwe"],"authors":[{"term_id":292,"user_id":4,"is_guest":0,"slug":"jean","display_name":"Jean Vinnier","avatar_url":"https:\/\/secure.gravatar.com\/avatar\/33aba0263fd870a0b487e0e079ff407e10e3997c9d2987cbcc0db0db2c5c75a9?s=96&d=mm&r=g","0":null,"1":"","2":"","3":"","4":"","5":"","6":"","7":"","8":""}],"_links":{"self":[{"href":"https:\/\/www.jdx.info\/lutte\/wp-json\/wp\/v2\/posts\/10336","targetHints":{"allow":["GET"]}}],"collection":[{"href":"https:\/\/www.jdx.info\/lutte\/wp-json\/wp\/v2\/posts"}],"about":[{"href":"https:\/\/www.jdx.info\/lutte\/wp-json\/wp\/v2\/types\/post"}],"author":[{"embeddable":true,"href":"https:\/\/www.jdx.info\/lutte\/wp-json\/wp\/v2\/users\/4"}],"replies":[{"embeddable":true,"href":"https:\/\/www.jdx.info\/lutte\/wp-json\/wp\/v2\/comments?post=10336"}],"version-history":[{"count":1,"href":"https:\/\/www.jdx.info\/lutte\/wp-json\/wp\/v2\/posts\/10336\/revisions"}],"predecessor-version":[{"id":10338,"href":"https:\/\/www.jdx.info\/lutte\/wp-json\/wp\/v2\/posts\/10336\/revisions\/10338"}],"wp:featuredmedia":[{"embeddable":true,"href":"https:\/\/www.jdx.info\/lutte\/wp-json\/wp\/v2\/media\/10337"}],"wp:attachment":[{"href":"https:\/\/www.jdx.info\/lutte\/wp-json\/wp\/v2\/media?parent=10336"}],"wp:term":[{"taxonomy":"category","embeddable":true,"href":"https:\/\/www.jdx.info\/lutte\/wp-json\/wp\/v2\/categories?post=10336"},{"taxonomy":"post_tag","embeddable":true,"href":"https:\/\/www.jdx.info\/lutte\/wp-json\/wp\/v2\/tags?post=10336"},{"taxonomy":"author","embeddable":true,"href":"https:\/\/www.jdx.info\/lutte\/wp-json\/wp\/v2\/ppma_author?post=10336"}],"curies":[{"name":"wp","href":"https:\/\/api.w.org\/{rel}","templated":true}]}}