{"id":100859,"date":"2024-06-21T17:55:00","date_gmt":"2024-06-21T21:55:00","guid":{"rendered":"https:\/\/www.jdx.info\/lutte\/?p=100859"},"modified":"2024-06-22T15:28:58","modified_gmt":"2024-06-22T19:28:58","slug":"tony-khan-a-propos-de-shane-mcmahon-je-ne-lai-jamais-rencontre-ou-parle-de-ma-vie","status":"publish","type":"post","link":"https:\/\/www.jdx.info\/lutte\/2024\/06\/21\/tony-khan-a-propos-de-shane-mcmahon-je-ne-lai-jamais-rencontre-ou-parle-de-ma-vie\/","title":{"rendered":"Tony Khan \u00e0 propos de Shane McMahon : \u00ab\u00a0Je ne l\u2019ai jamais rencontr\u00e9 ou parl\u00e9 de ma vie\u00a0\u00bb"},"content":{"rendered":"\n<p>Bien que Shane-O-Mac ait peut-\u00eatre contact\u00e9 des talents de la AEW, il n\u2019a jamais parl\u00e9 au patron.<\/p>\n\n\n\n<p>Suite \u00e0 de multiples rapports provenant du podcast \u00ab&nbsp;Grilling J.R.&nbsp;\u00bb avec Jim Ross et Conrad Thompson, le pr\u00e9sident de l\u2019AEW, Tony Khan, a r\u00e9pondu aux rumeurs.<\/p>\n\n\n\n<p>Comme indiqu\u00e9, Jim Ross a parl\u00e9 de la fa\u00e7on dont Shane McMahon travaillant avec AEW est une id\u00e9e \u00ab&nbsp;si folle que cela pourrait fonctionner&nbsp;\u00bb, son co-animateur Thompson a offert la suite suivante :<\/p>\n\n\n\n<center><p><script async=\"\" src=\"https:\/\/pagead2.googlesyndication.com\/pagead\/js\/adsbygoogle.js\"><\/script>\n<ins class=\"adsbygoogle\" style=\"display:block; text-align:center;\" data-ad-layout=\"in-article\" data-ad-format=\"fluid\" data-ad-client=\"ca-pub-1986975368136072\" data-ad-slot=\"7818521013\"><\/ins>\n<script>\n     (adsbygoogle = window.adsbygoogle || []).push({});\n<\/script><\/p><\/center>\n\n\n\n<blockquote class=\"wp-block-quote is-layout-flow wp-block-quote-is-layout-flow\">\n<p><em>\u00ab&nbsp;Je sais avec certitude que Shane McMahon a contact\u00e9 les lutteurs de la AEW pour discuter au moins hypoth\u00e9tiquement de l\u2019id\u00e9e.&nbsp;\u00bb Sommes-nous en train de dire que cela va se produire ? Non. Nous disons que ce n\u2019est pas une id\u00e9e si folle.\u00a0\u00bb<\/em><\/p>\n<\/blockquote>\n\n\n\n<p>Bien qu\u2019il n\u2019ait pas dit grand-chose, Khan a comment\u00e9 la situation lorsqu\u2019il a \u00e9t\u00e9 interrog\u00e9 par&nbsp;Wrestling Observer&nbsp;\u00e0 ce sujet r\u00e9cemment.<\/p>\n\n\n\n<blockquote class=\"wp-block-quote is-layout-flow wp-block-quote-is-layout-flow\">\n<p>\u00ab&nbsp;Je ne l\u2019ai jamais rencontr\u00e9 ou parl\u00e9 de ma vie&nbsp;\u00bb, a d\u00e9clar\u00e9 Khan.<\/p>\n<\/blockquote>\n\n\n\n<figure class=\"wp-block-embed is-type-wp-embed is-provider-info-lutte wp-block-embed-info-lutte\"><div class=\"wp-block-embed__wrapper\">\n<blockquote class=\"wp-embedded-content\" data-secret=\"5bMwuen8GM\"><a href=\"https:\/\/www.jdx.info\/lutte\/2024\/06\/20\/la-possibilite-de-voir-shane-mcmahon-a-la-all-elite-wrestling\/\">La possibilit\u00e9 de voir Shane McMahon \u00e0 la All Elite Wrestling!<\/a><\/blockquote><iframe loading=\"lazy\" class=\"wp-embedded-content\" sandbox=\"allow-scripts\" security=\"restricted\" style=\"position: absolute; visibility: hidden;\" title=\"\u00ab\u00a0La possibilit\u00e9 de voir Shane McMahon \u00e0 la All Elite Wrestling!\u00a0\u00bb &#8212; Info-Lutte\" src=\"https:\/\/www.jdx.info\/lutte\/2024\/06\/20\/la-possibilite-de-voir-shane-mcmahon-a-la-all-elite-wrestling\/embed\/#?secret=eJL0XNrZoz#?secret=5bMwuen8GM\" data-secret=\"5bMwuen8GM\" width=\"600\" height=\"338\" frameborder=\"0\" marginwidth=\"0\" marginheight=\"0\" scrolling=\"no\"><\/iframe>\n<\/div><\/figure>\n<p><\/p>","protected":false},"excerpt":{"rendered":"<p>Bien que Shane-O-Mac ait peut-\u00eatre contact\u00e9 des talents de la AEW, il n\u2019a jamais parl\u00e9 au patron. Suite \u00e0 de multiples rapports provenant du podcast \u00ab&nbsp;Grilling J.R.&nbsp;\u00bb avec Jim Ross et Conrad Thompson, le pr\u00e9sident de l\u2019AEW, Tony Khan, a r\u00e9pondu aux rumeurs. Comme indiqu\u00e9, Jim Ross a parl\u00e9 de la fa\u00e7on dont Shane McMahon&#8230;<\/p>\n","protected":false},"author":665,"featured_media":100962,"comment_status":"open","ping_status":"closed","sticky":false,"template":"","format":"standard","meta":{"footnotes":""},"categories":[38,23],"tags":[],"ppma_author":[289],"class_list":["post-100859","post","type-post","status-publish","format-standard","has-post-thumbnail","hentry","category-aew","category-wwe"],"authors":[{"term_id":289,"user_id":665,"is_guest":0,"slug":"line","display_name":"Line Edmond","avatar_url":"https:\/\/secure.gravatar.com\/avatar\/852de09636413c90cdaa278312f9ea5bc4396768745424755cb63d99a05989d0?s=96&d=mm&r=g","0":null,"1":"","2":"","3":"","4":"","5":"","6":"","7":"","8":""}],"_links":{"self":[{"href":"https:\/\/www.jdx.info\/lutte\/wp-json\/wp\/v2\/posts\/100859","targetHints":{"allow":["GET"]}}],"collection":[{"href":"https:\/\/www.jdx.info\/lutte\/wp-json\/wp\/v2\/posts"}],"about":[{"href":"https:\/\/www.jdx.info\/lutte\/wp-json\/wp\/v2\/types\/post"}],"author":[{"embeddable":true,"href":"https:\/\/www.jdx.info\/lutte\/wp-json\/wp\/v2\/users\/665"}],"replies":[{"embeddable":true,"href":"https:\/\/www.jdx.info\/lutte\/wp-json\/wp\/v2\/comments?post=100859"}],"version-history":[{"count":3,"href":"https:\/\/www.jdx.info\/lutte\/wp-json\/wp\/v2\/posts\/100859\/revisions"}],"predecessor-version":[{"id":100964,"href":"https:\/\/www.jdx.info\/lutte\/wp-json\/wp\/v2\/posts\/100859\/revisions\/100964"}],"wp:featuredmedia":[{"embeddable":true,"href":"https:\/\/www.jdx.info\/lutte\/wp-json\/wp\/v2\/media\/100962"}],"wp:attachment":[{"href":"https:\/\/www.jdx.info\/lutte\/wp-json\/wp\/v2\/media?parent=100859"}],"wp:term":[{"taxonomy":"category","embeddable":true,"href":"https:\/\/www.jdx.info\/lutte\/wp-json\/wp\/v2\/categories?post=100859"},{"taxonomy":"post_tag","embeddable":true,"href":"https:\/\/www.jdx.info\/lutte\/wp-json\/wp\/v2\/tags?post=100859"},{"taxonomy":"author","embeddable":true,"href":"https:\/\/www.jdx.info\/lutte\/wp-json\/wp\/v2\/ppma_author?post=100859"}],"curies":[{"name":"wp","href":"https:\/\/api.w.org\/{rel}","templated":true}]}}